{"id":4857,"date":"2026-05-01T09:31:52","date_gmt":"2026-05-01T09:31:52","guid":{"rendered":"https:\/\/practicalhealthpsychology.com\/?p=4857"},"modified":"2026-05-01T10:15:14","modified_gmt":"2026-05-01T10:15:14","slug":"mind-the-gap-embedding-equity-in-everyday-practice","status":"publish","type":"post","link":"https:\/\/practicalhealthpsychology.com\/tr\/2026\/05\/mind-the-gap-embedding-equity-in-everyday-practice\/","title":{"rendered":"Fark\u0131 Kapatmak: E\u015fitli\u011fi G\u00fcndelik Prati\u011fe Dahil Etmek\u00a0"},"content":{"rendered":"<p><strong>Amanda O\u2019Connor, Claire Blewitt ve Helen Skouteris, Monash \u00dcniversitesi, Melbourne, Avustralya taraf\u0131ndan haz\u0131rlanm\u0131\u015ft\u0131r.\u00a0<\/strong><\/p>\n<p><a href=\"https:\/\/impsciuw.org\/implementation-science\/learn\/equitable-implementation-science\/\"><span style=\"font-weight: 400;\">Sa\u011fl\u0131kta e\u015fitlik<\/span><\/a><span style=\"font-weight: 400;\">, sosyoekonomik durum, etnik k\u00f6ken, cinsiyet veya di\u011fer sosyal ko\u015fullar ne olursa olsun, herkesin iyi bir sa\u011fl\u0131\u011fa sahip olmas\u0131 i\u00e7in adil ve d\u00fcr\u00fcst bir f\u0131rsata sahip olmas\u0131 anlam\u0131na gelir. Ancak g\u00fcncel k\u00fcresel e\u011filimler, sa\u011fl\u0131k alan\u0131ndaki u\u00e7urumlar\u0131n giderek a\u00e7\u0131ld\u0131\u011f\u0131n\u0131 g\u00f6stermektedir. \u00dclkeler aras\u0131ndaki ya\u015fam s\u00fcresi farklar\u0131; genellikle sa\u011fl\u0131k sistemlerindeki yap\u0131sal zay\u0131fl\u0131klar, sistemik \u0131rk\u00e7\u0131l\u0131k ve \u00f6nyarg\u0131lar ile e\u015fitsiz sosyal, ekonomik ve \u00e7evresel ko\u015fullar nedeniyle <\/span><a href=\"https:\/\/www.who.int\/news\/item\/06-05-2025-health-inequities-are-shortening-lives-by-decades#:~:text=Although%20data%20is%20scarce%2C%20there,Breaking%20the%20cycle\"><span style=\"font-weight: 400;\">30 y\u0131l\u0131 a\u015fabilmekte<\/span><\/a><span style=\"font-weight: 400;\"> ve \u00fclkeler i\u00e7indeki sosyal gruplar aras\u0131ndaki e\u015fitsizlikler de artmaktad\u0131r.<\/span><\/p>\n<p><span style=\"font-weight: 400;\">Bu temel nedenler, g\u00fcnl\u00fck \u00e7al\u0131\u015fmalar\u0131m\u0131zdan \u00e7ok uzakm\u0131\u015f gibi hissedilebilir. Ancak sa\u011fl\u0131k profesyonelleri genellikle <\/span><a href=\"https:\/\/practicalhealthpsychology.com\/2022\/08\/make-or-break-the-importance-of-breaks-in-healthcare\/\"><span style=\"font-weight: 400;\">zaman bask\u0131s\u0131<\/span><\/a><span style=\"font-weight: 400;\">, s\u0131n\u0131rl\u0131 kaynaklar ve kat\u0131 protokoller alt\u0131nda \u00e7al\u0131\u015fmaktad\u0131r. E\u015fitli\u011fin temel olarak bir politika veya system sorunu oldu\u011fu d\u00fc\u015f\u00fcn\u00fclebilir. Ancak e\u015fitlik; g\u00fcndelik sa\u011fl\u0131k hizmeti kar\u015f\u0131la\u015fmalar\u0131nda, hizmetlerin nas\u0131l organize edildi\u011finde, <\/span><a href=\"https:\/\/practicalhealthpsychology.com\/2022\/08\/2526\/\"><span style=\"font-weight: 400;\">ileti\u015fimin nas\u0131l kuruldu\u011funda<\/span><\/a><span style=\"font-weight: 400;\">, kararlar\u0131n nas\u0131l verildi\u011finde ve hangi hastalar\u0131n mevcut hizmetlerden yararlanabildi\u011finde \u015fekillenir.<\/span><\/p>\n<p><span style=\"font-weight: 400;\">Her g\u00f6r\u00fc\u015fme, bak\u0131m s\u00fcreci ve servis iyile\u015ftirme \u00e7abas\u0131 <\/span><a href=\"https:\/\/practicalhealthpsychology.com\/2025\/02\/making-every-health-care-consultation-count-promoting-physical-activity-in-health-care-settings\/\"><span style=\"font-weight: 400;\">k\u00fc\u00e7\u00fck bir m\u00fcdahale i\u015flevi g\u00f6r\u00fcr<\/span><\/a><span style=\"font-weight: 400;\">. Randevu sistemleri, sevk s\u00fcre\u00e7leri, hasta e\u011fitim materyalleri, dijital ara\u00e7lar ve takip prosed\u00fcrleri hakk\u0131ndaki se\u00e7imler, aradaki u\u00e7urumu azaltabilir ya da geni\u015fletebilir. E\u015fitlik a\u00e7\u0131k\u00e7a dikkate al\u0131nmad\u0131\u011f\u0131nda, standart prosed\u00fcrler genellikle hali haz\u0131rda avantajl\u0131 olan gruplar i\u00e7in en iyi \u015fekilde i\u015fler. E\u015fitlik en ba\u015ftan dikkate al\u0131nd\u0131\u011f\u0131nda ise rutin bak\u0131m daha geni\u015f bir hasta kitlesi i\u00e7in daha eri\u015filebilir, kabul edilebilir ve etkili hale gelir.<\/span><\/p>\n<p><span style=\"font-weight: 400;\">Sa\u011fl\u0131k hizmetlerinde e\u015fitlik merkezli bir yakla\u015f\u0131m, bilin\u00e7li bir d\u00fc\u015f\u00fcnme ve planlama ile ba\u015flar. <\/span><a href=\"https:\/\/www.monash.edu\/medicine\/sphpm\/health-and-social-care\/research\/sempre\/our-research\"><span style=\"font-weight: 400;\">Ekiplerin<\/span><\/a><span style=\"font-weight: 400;\"> e\u015fitli\u011fi nas\u0131l anlad\u0131klar\u0131n\u0131 a\u00e7\u0131k\u00e7a konu\u015fmalar\u0131 ve kendi hizmet ba\u011flamlar\u0131nda adil eri\u015fim ve adil sonu\u00e7lar\u0131n ne anlama geldi\u011fini tart\u0131\u015fmalar\u0131 \u00f6nemlidir. Bu, hangi hasta gruplar\u0131n\u0131n daha az tedaviye ba\u015fvurdu\u011funu, uyumda zorland\u0131\u011f\u0131n\u0131 ya da tedaviden fayda g\u00f6rmedi\u011fini belirlemeyi i\u00e7erir. Ayn\u0131 zamanda dil, sa\u011fl\u0131k okuryazarl\u0131\u011f\u0131, ula\u015f\u0131m, dijital eri\u015fim, maliyet, dalgalanma ya da ge\u00e7mi\u015f olumsuz sa\u011fl\u0131k deneyimleri gibi pratik engelleri de anlamay\u0131 gerektirir. E\u015fitli\u011fi planlamak riskler ve eksiklerin yan\u0131nda hastalar\u0131n ve topluluklar\u0131n g\u00fc\u00e7l\u00fc y\u00f6nlerini g\u00f6rmeyi ve \u00f6nceki iyile\u015ftirme deneyimlerini hakk\u0131nda bilgi edinmeyi de i\u00e7erir. <\/span><a href=\"https:\/\/pmc.ncbi.nlm.nih.gov\/articles\/PMC11795705\/\"><span style=\"font-weight: 400;\">\u00d6rne\u011fin<\/span><\/a><span style=\"font-weight: 400;\"> k\u0131rsal b\u00f6lgelerde ya\u015fayan obezite ile ilgili zorluklar ya\u015fayan \u00e7ocuklar\u0131n sa\u011fl\u0131k hizmetlerine eri\u015fimi; tele-t\u0131p uygulamalar\u0131, birinci ad\u0131mda hem\u015fire rollerinin geni\u015fletilmesi ve toplum sa\u011fl\u0131\u011f\u0131 \u00e7al\u0131\u015fan\u0131 modelleri ile art\u0131r\u0131labilir.<\/span><\/p>\n<p><span style=\"font-weight: 400;\">Bir di\u011fer \u00f6nemli ilke, <\/span><a href=\"https:\/\/www.monash.edu\/medicine\/sphpm\/health-and-social-care\/research\/sempre\/valued-individuals-living-and-learning-about-growing-equity\"><span style=\"font-weight: 400;\">ya\u015fanm\u0131\u015f deneyimi<\/span><\/a><span style=\"font-weight: 400;\"> de\u011ferli g\u00f6rmektir. Hastalar kendi ya\u015fam ko\u015fullar\u0131n\u0131 ve sa\u011fl\u0131k durumlar\u0131n\u0131 y\u00f6netme konusunda uzmand\u0131r. Ald\u0131klar\u0131 hizmetle ilgili deneyimleri, klinik g\u00f6stergelerin tek ba\u015f\u0131na g\u00f6steremeyece\u011fi engelleri ve f\u0131rsatlar\u0131 g\u00f6r\u00fcn\u00fcr k\u0131lar. Sa\u011fl\u0131k profesyonelleri; hasta ortaklar\u0131 (\u00f6rne\u011fin hizmet tasar\u0131m\u0131, de\u011ferlendirme veya y\u00f6netimde personelle i\u015f birli\u011fi yapmak i\u00e7in resmi olarak davet edilen hastalar veya bak\u0131m verenler), dan\u0131\u015fma gruplar\u0131, geri bildirim sistemleri ve ortak tasar\u0131m faaliyetleri arac\u0131l\u0131\u011f\u0131yla hasta bak\u0131\u015f a\u00e7\u0131lar\u0131n\u0131 anlamak i\u00e7in yap\u0131land\u0131r\u0131lm\u0131\u015f ve s\u00fcregelen yollar olu\u015fturarak ve bu bilgilerin hizmet ve ileti\u015fim yakla\u015f\u0131mlar\u0131n\u0131 anlaml\u0131 bir \u015fekilde etkilemesini sa\u011flayarak e\u015fitli\u011fi g\u00fc\u00e7lendirebilirler. \u00d6rne\u011fin <\/span><a href=\"https:\/\/www.sciencedirect.com\/science\/article\/pii\/S0149718924001150?via%3Dihub\"><span style=\"font-weight: 400;\">psikolojik olarak zorlanan gen\u00e7lerle birlikte \u00e7al\u0131\u015fmak<\/span><\/a><span style=\"font-weight: 400;\">, toplum temelli bir psikososyal hizmetin i\u015f birli\u011fine dayal\u0131 hizmet tasar\u0131m\u0131, uygulanmas\u0131 ve de\u011ferlendirilmesini desteklemede gen\u00e7lik zihin sa\u011fl\u0131\u011f\u0131 i\u00e7in bir yol haritas\u0131 olu\u015fturulmas\u0131n\u0131 sa\u011flam\u0131\u015ft\u0131r.<\/span><\/p>\n<p><span style=\"font-weight: 400;\">Yans\u0131t\u0131c\u0131 (reflektif) uygulama da bu yakla\u015f\u0131m\u0131n merkezindedir. G\u00fc\u00e7 farklar\u0131; mesleki otorite, kurumsal roller ve bilgi e\u015fitsizlikleri arac\u0131l\u0131\u011f\u0131yla sa\u011fl\u0131k hizmeti ili\u015fkilerinin i\u00e7ine yerle\u015fmi\u015ftir. Klinisyenlerin ve hizmet ekiplerinin varsay\u0131mlar, kli\u015feler ve zaman bask\u0131s\u0131n\u0131n kendi de\u011ferlendirmelerini ve etkile\u015fimlerini nas\u0131l \u015fekillendirdi\u011fi \u00fczerine d\u00fc\u015f\u00fcnmek i\u00e7in d\u00fczenli alanlara ihtiyac\u0131 vard\u0131r. Yap\u0131land\u0131r\u0131lm\u0131\u015f yans\u0131tma, ekip diyalo\u011fu ve \u00e7e\u015fitli hastalardan, meslekta\u015flardan gelen geri bildirimler, k\u00f6r noktalar\u0131n ortaya \u00e7\u0131kar\u0131lmas\u0131na yard\u0131mc\u0131 olur ve \u00f6nyarg\u0131lar\u0131n sa\u011fl\u0131k kararlar\u0131n\u0131 etkileme riskini azalt\u0131r. Yans\u0131tma s\u00fcrekli olmal\u0131 ve kalite iyile\u015ftirme rutinlerine dahil edilmelidir. Bu durum, erken \u00e7ocukluk kurulu\u015flar\u0131yla y\u00fcr\u00fctt\u00fc\u011f\u00fcm\u00fcz \u00e7al\u0131\u015fmalarda <\/span><a href=\"https:\/\/link.springer.com\/article\/10.1007\/s12310-024-09674-6#Sec28\"><span style=\"font-weight: 400;\">vurgulanmaktad\u0131r<\/span><\/a><span style=\"font-weight: 400;\">. Travmadan etkilenen \u00e7ocuklar\u0131 etkili bir \u015fekilde desteklemek i\u00e7in disiplinler ve sekt\u00f6rler aras\u0131 i\u015f birli\u011fi yap\u0131yor; hangi uygulama ve politikalara ihtiya\u00e7 duyuldu\u011fu konusunda derin ve s\u00fcrekli bir d\u00fc\u015f\u00fcnme s\u00fcrecini te\u015fvik ediyoruz.<\/span><\/p>\n<p><span style=\"font-weight: 400;\">E\u015fitlik merkezli bak\u0131m, uygun kavramsal mercekler kullan\u0131larak g\u00fc\u00e7lendirilir. Sa\u011fl\u0131\u011f\u0131n sosyal belirleyicilerini, kesi\u015fimselli\u011fi, yap\u0131sal ayr\u0131mc\u0131l\u0131\u011f\u0131 ve k\u00fclt\u00fcrel temelli bak\u0131m\u0131 ele alan \u00e7er\u00e7eveler, e\u015fitli\u011fin soyut bir de\u011ferden pratik kararlara d\u00f6n\u00fc\u015ft\u00fcr\u00fclmesine yard\u0131mc\u0131 olur. Bu bak\u0131\u015f a\u00e7\u0131lar\u0131, profesyonellerin tedaviye uyumsuzlu\u011fu, ka\u00e7\u0131r\u0131lan randevular\u0131, ileti\u015fim zorluklar\u0131n\u0131 ve riskli davran\u0131\u015flar\u0131 nas\u0131l yorumlad\u0131\u011f\u0131n\u0131 y\u00f6nlendirerek oda\u011f\u0131 &#8220;uyumsuz hastalardan&#8221; uyumsuz sistemlere ve ba\u011flamlara \u00e7eker.\u00a0<\/span><\/p>\n<p><span style=\"font-weight: 400;\">Sa\u011fl\u0131k e\u015fitsizlikleri b\u00fcy\u00fck sistemler taraf\u0131ndan \u00fcretilir, ancak sa\u011fl\u0131k ortamlar\u0131ndaki bir\u00e7ok g\u00fcnl\u00fck eylem yoluyla peki\u015ftirilir veya azalt\u0131l\u0131r. Bu nedenle e\u015fitli\u011fi \u00f6n planda tutmak iyi klinik bak\u0131mdan ba\u011f\u0131ms\u0131z de\u011fil, onun bir par\u00e7as\u0131d\u0131r.<\/span><\/p>\n<p><b>Pratik \u00d6neriler\u00a0<\/b><\/p>\n<ul>\n<li style=\"font-weight: 400;\" aria-level=\"1\"><b>Dikkatinizi a\u00e7\u0131k tutun.<\/b><span style=\"font-weight: 400;\"> Sa\u011fl\u0131k e\u015fitsizlikleri ve bunlar\u0131n yap\u0131sal nedenleri hakk\u0131nda bilgi edinin. Kendi mesleki konumunuzu, varsay\u0131mlar\u0131n\u0131z\u0131 ve olas\u0131 i\u00e7sel \u00f6nyarg\u0131lar\u0131n\u0131z\u0131 <\/span><a href=\"https:\/\/www.nationalequityproject.org\/frameworks\/implicit-bias-structural-racialization#:~:text=Implicit%20bias%20(also%20referred%20to,we%20make%20available%20to%20patients.\"><span style=\"font-weight: 400;\">fark etmeye \u00e7al\u0131\u015f\u0131n<\/span><\/a><span style=\"font-weight: 400;\">. Bunlar\u0131n ileti\u015fiminizi, klinik kararlar\u0131n\u0131z\u0131 ve hasta beklentilerinizi nas\u0131l etkileyebilece\u011fini d\u00fc\u015f\u00fcn\u00fcn. K\u0131sa reflektif anlar\u0131n\u0131 g\u00fcnl\u00fck rutininize ve ekip toplant\u0131lar\u0131na dahil edin.\u00a0<\/span><\/li>\n<li style=\"font-weight: 400;\" aria-level=\"1\"><b>Farkl\u0131 hasta g\u00f6r\u00fc\u015flerini aktif olarak dinleyin.<\/b><span style=\"font-weight: 400;\"> Sadece standart memnuniyet anketleriyle s\u0131n\u0131rl\u0131 kalmay\u0131n. Farkl\u0131 hasta gruplar\u0131ndan d\u00fczenli geri bildirim alabilece\u011finiz basit ve tekrarlayan yollar olu\u015fturun. \u00d6zellikle daha az ba\u015fvuran ya da tedaviyi yar\u0131da b\u0131rakan ki\u015filerle \u00e7al\u0131\u015farak, b\u00fct\u00fcnc\u00fcl bak\u0131m\u0131n \u00f6n\u00fcndeki engelleri anlamaya \u00e7al\u0131\u015f\u0131n. Hasta temsilcileri ve topluluklarla i\u015f birli\u011fi yap\u0131n, onlara geri bildirimlerinin ger\u00e7ekten \u00f6nemsendi\u011fini ve hizmette de\u011fi\u015fime yol a\u00e7t\u0131\u011f\u0131n\u0131 g\u00f6sterin.\u00a0<\/span><\/li>\n<li style=\"font-weight: 400;\" aria-level=\"1\"><b>Kulland\u0131\u011f\u0131n\u0131z ara\u00e7lar\u0131 ve s\u00fcre\u00e7leri sorgulay\u0131n.<\/b><span style=\"font-weight: 400;\"> Klinik protokoller, e\u011fitim materyalleri ve dijital sistemler genellikle y\u00fcksek e\u011fitim ve kaynaklara sahip ki\u015filer i\u00e7in tasarlan\u0131r. Bu ara\u00e7lar\u0131n anla\u015f\u0131l\u0131r, k\u00fclt\u00fcrel olarak uygun ve eri\u015filebilir olup olmad\u0131\u011f\u0131n\u0131 de\u011ferlendirin. Gerekirse dili ve sunum bi\u00e7imini uyarlay\u0131n. <\/span><a href=\"https:\/\/pmc.ncbi.nlm.nih.gov\/articles\/PMC8564233\/#:~:text=The%20framework%20defines%20%E2%80%9Chealth%20equity,from%20achieving%20optimal%20health%20outcomes.\"><span style=\"font-weight: 400;\">E\u015fitlik sistemleri<\/span><\/a><span style=\"font-weight: 400;\"> ve teorilerine a\u015fina olun.<\/span><\/li>\n<li style=\"font-weight: 400;\" aria-level=\"1\"><b>E\u015fitsiz uygulamalar\u0131 fark edin ve sorgulay\u0131n.<\/b><span style=\"font-weight: 400;\"> Kimlerin randevu ka\u00e7\u0131rd\u0131\u011f\u0131na, kimlerin y\u00f6nlendirildi\u011fine ve kimlerin en az fayda g\u00f6rd\u00fc\u011f\u00fcne dikkat edin. Bu \u00f6r\u00fcnt\u00fcleri ekibinizle payla\u015f\u0131n ve nedenlerini hem meslekta\u015flar\u0131n\u0131zla hem de hastalarla birlikte anlamaya \u00e7al\u0131\u015f\u0131n. Gerekirse esnek randevu sistemleri, terc\u00fcman deste\u011fi, ula\u015f\u0131m kolayl\u0131klar\u0131 gibi d\u00fczenlemeler i\u00e7in savunuculuk yap\u0131n.\u00a0<\/span><\/li>\n<li style=\"font-weight: 400;\" aria-level=\"1\"><b>Farkl\u0131 bilgi kaynaklar\u0131n\u0131 bir arada de\u011ferlendirin.<\/b><span style=\"font-weight: 400;\"> Klinik y\u00f6nergeler ve say\u0131sal verilerin yan\u0131 s\u0131ra hasta deneyimlerini, sahada \u00e7al\u0131\u015fanlar\u0131n g\u00f6zlemlerini ve topluluk bilgisini de dikkate al\u0131n. Bu farkl\u0131 bilgi t\u00fcrleri birlikte kullan\u0131ld\u0131\u011f\u0131nda, ger\u00e7ek hayatta neyin kim i\u00e7in i\u015fe yarad\u0131\u011f\u0131n\u0131 daha iyi anlamam\u0131z\u0131 sa\u011flar.<\/span><\/li>\n<\/ul>\n<p><span style=\"font-weight: 400;\">\u00c7eviren: Ulusal Edit\u00f6r Selen \u00d6zbek, MSc.<\/span><\/p>\n","protected":false},"excerpt":{"rendered":"<p>Amanda O\u2019Connor, Claire Blewitt ve Helen Skouteris, Monash \u00dcniversitesi, Melbourne, Avustralya taraf\u0131ndan haz\u0131rlanm\u0131\u015ft\u0131r.\u00a0 Sa\u011fl\u0131kta e\u015fitlik, sosyoekonomik durum, etnik k\u00f6ken, cinsiyet veya di\u011fer sosyal ko\u015fullar ne olursa olsun, herkesin iyi bir sa\u011fl\u0131\u011fa sahip olmas\u0131 i\u00e7in adil ve d\u00fcr\u00fcst bir f\u0131rsata sahip [&hellip;]<\/p>\n","protected":false},"author":9,"featured_media":4861,"comment_status":"closed","ping_status":"open","sticky":false,"template":"","format":"standard","meta":{"_et_pb_use_builder":"","_et_pb_old_content":"","_et_gb_content_width":"","_monsterinsights_skip_tracking":false,"_monsterinsights_sitenote_active":false,"_monsterinsights_sitenote_note":"","_monsterinsights_sitenote_category":0,"_uf_show_specific_survey":0,"_uf_disable_surveys":false,"footnotes":""},"categories":[28,13,43,16,56],"tags":[],"class_list":["post-4857","post","type-post","status-publish","format-standard","has-post-thumbnail","hentry","category-communication","category-interventions","category-patient-engagement","category-planning","category-public-health"],"translation":{"provider":"WPGlobus","version":"3.0.2","language":"tr","enabled_languages":["en","id","my","bg","zh","hr","cz","da","de","es","fr","gr","he","it","ja","kr","lv","lt","hu","nl","no","pl","pt","ro","ru","sk","fi","sv","tr","uk"],"languages":{"en":{"title":true,"content":true,"excerpt":false},"id":{"title":false,"content":false,"excerpt":false},"my":{"title":false,"content":false,"excerpt":false},"bg":{"title":false,"content":false,"excerpt":false},"zh":{"title":false,"content":false,"excerpt":false},"hr":{"title":true,"content":true,"excerpt":false},"cz":{"title":true,"content":true,"excerpt":false},"da":{"title":false,"content":false,"excerpt":false},"de":{"title":false,"content":false,"excerpt":false},"es":{"title":false,"content":false,"excerpt":false},"fr":{"title":false,"content":false,"excerpt":false},"gr":{"title":false,"content":false,"excerpt":false},"he":{"title":false,"content":false,"excerpt":false},"it":{"title":true,"content":true,"excerpt":false},"ja":{"title":false,"content":false,"excerpt":false},"kr":{"title":false,"content":false,"excerpt":false},"lv":{"title":true,"content":true,"excerpt":false},"lt":{"title":false,"content":false,"excerpt":false},"hu":{"title":false,"content":false,"excerpt":false},"nl":{"title":true,"content":true,"excerpt":false},"no":{"title":false,"content":false,"excerpt":false},"pl":{"title":true,"content":true,"excerpt":false},"pt":{"title":false,"content":false,"excerpt":false},"ro":{"title":false,"content":false,"excerpt":false},"ru":{"title":true,"content":true,"excerpt":false},"sk":{"title":true,"content":true,"excerpt":false},"fi":{"title":true,"content":true,"excerpt":false},"sv":{"title":false,"content":false,"excerpt":false},"tr":{"title":true,"content":true,"excerpt":false},"uk":{"title":true,"content":true,"excerpt":false}}},"aioseo_notices":[],"_links":{"self":[{"href":"https:\/\/practicalhealthpsychology.com\/tr\/wp-json\/wp\/v2\/posts\/4857","targetHints":{"allow":["GET"]}}],"collection":[{"href":"https:\/\/practicalhealthpsychology.com\/tr\/wp-json\/wp\/v2\/posts"}],"about":[{"href":"https:\/\/practicalhealthpsychology.com\/tr\/wp-json\/wp\/v2\/types\/post"}],"author":[{"embeddable":true,"href":"https:\/\/practicalhealthpsychology.com\/tr\/wp-json\/wp\/v2\/users\/9"}],"replies":[{"embeddable":true,"href":"https:\/\/practicalhealthpsychology.com\/tr\/wp-json\/wp\/v2\/comments?post=4857"}],"version-history":[{"count":15,"href":"https:\/\/practicalhealthpsychology.com\/tr\/wp-json\/wp\/v2\/posts\/4857\/revisions"}],"predecessor-version":[{"id":4886,"href":"https:\/\/practicalhealthpsychology.com\/tr\/wp-json\/wp\/v2\/posts\/4857\/revisions\/4886"}],"wp:featuredmedia":[{"embeddable":true,"href":"https:\/\/practicalhealthpsychology.com\/tr\/wp-json\/wp\/v2\/media\/4861"}],"wp:attachment":[{"href":"https:\/\/practicalhealthpsychology.com\/tr\/wp-json\/wp\/v2\/media?parent=4857"}],"wp:term":[{"taxonomy":"category","embeddable":true,"href":"https:\/\/practicalhealthpsychology.com\/tr\/wp-json\/wp\/v2\/categories?post=4857"},{"taxonomy":"post_tag","embeddable":true,"href":"https:\/\/practicalhealthpsychology.com\/tr\/wp-json\/wp\/v2\/tags?post=4857"}],"curies":[{"name":"wp","href":"https:\/\/api.w.org\/{rel}","templated":true}]}}