{"id":4306,"date":"2025-08-05T13:04:38","date_gmt":"2025-08-05T13:04:38","guid":{"rendered":"https:\/\/practicalhealthpsychology.com\/?p=4306"},"modified":"2026-04-09T07:47:21","modified_gmt":"2026-04-09T07:47:21","slug":"mylifetool-a-person-centred-holistic-approach-to-the-self-management-of-long-term-conditions","status":"publish","type":"post","link":"https:\/\/practicalhealthpsychology.com\/fi\/2025\/08\/mylifetool-a-person-centred-holistic-approach-to-the-self-management-of-long-term-conditions\/","title":{"rendered":"MyLifeTool: Henkil\u00f6keskeinen, kokonaisvaltainen l\u00e4hestymistapa pitk\u00e4aikaissairauksien itsehoitoon"},"content":{"rendered":"<p><strong>Kirjoittajat: Dr Stephanie K\u0131l\u0131n\u00e7, Teesside University, Iso-Britannia ja Jo Cole, Tees Valley, Durham ja North Yorkshire Neurological Alliance, Iso-Britannia<\/strong><\/p>\n<p>Pitk\u00e4aikaissairaudet ovat merkitt\u00e4v\u00e4 haaste maailmanlaajuisille terveydenhuoltoj\u00e4rjestelmille niiden <a href=\"https:\/\/pubmed.ncbi.nlm.nih.gov\/39869379\/\">korkean esiintyvyyden<\/a> <a href=\"https:\/\/www.thelancet.com\/journals\/lancet\/article\/PIIS0140-6736(20)30925-9\/fulltext\">ja tautitaakan vuoksi, mukaan lukien merkitt\u00e4v\u00e4 vaikutus elinvuosiin<\/a>. Ne <a href=\"https:\/\/pubmed.ncbi.nlm.nih.gov\/31531840\/\">heikent\u00e4v\u00e4t huomattavasti terveyteen liittyv\u00e4\u00e4 el\u00e4m\u00e4nlaatua<\/a> ja liittyv\u00e4t <a href=\"https:\/\/www.cambridge.org\/core\/journals\/bjpsych-open\/article\/mental-health-outcomes-in-patients-with-a-longterm-condition-analysis-of-an-improving-access-to-psychological-therapies-service\/541E3611F5AC8EA4E19911C4FEC4B645\">korkeampiin ahdistus- ja masennuslukuihin<\/a> verrattuna v\u00e4est\u00f6\u00f6n yleisesti.<\/p>\n<p><!--more--><\/p>\n<p><a href=\"http:\/\/www.mylifetool.co.uk\/\">MyLifeTool<\/a> on itsehoidon ty\u00f6kalu ihmisille, jotka el\u00e4v\u00e4t mink\u00e4 tahansa pitk\u00e4aikaissairauden kanssa (esim. diabetes, MS-tauti, krooninen kipu, astma, ahdistus, neurokehitykselliset h\u00e4iri\u00f6t, aivovamma, fibromyalgia). Ty\u00f6kalu kehitettiin yhteisty\u00f6ss\u00e4 pitk\u00e4aikaissairauksia sairastavien, <a href=\"http:\/\/www.neurokey.co.uk\/\">Neuro Key<\/a> -j\u00e4rjest\u00f6n j\u00e4senten ja Teessiden yliopiston psykologien kanssa. Sen perustana on<a href=\"https:\/\/www.tandfonline.com\/doi\/full\/10.1080\/09638288.2020.1764115\"> itsehoidon viitekehys<\/a>, joka korostaa henkil\u00f6keskeist\u00e4, ei-ohjailevaa n\u00e4k\u00f6kulmaa. Pitk\u00e4aikaissairauksia sairastavat olivat projektin ytimess\u00e4 ja p\u00e4\u00e4ttiv\u00e4t ty\u00f6kalun sis\u00e4ll\u00f6st\u00e4 sek\u00e4 nimest\u00e4.<\/p>\n<p><strong>L\u00e4hestymistapamme itsehoitoon<\/strong><\/p>\n<p>Perinteiset itsehoitostrategiat <a href=\"https:\/\/onlinelibrary.wiley.com\/doi\/10.1111\/hex.12453\">keskittyv\u00e4t usein l\u00e4\u00e4ketieteellisiin tuloksiin ja k\u00e4ytt\u00e4ytymisen muutokseen<\/a>, <a href=\"https:\/\/journals.sagepub.com\/doi\/epub\/10.1177\/14407833211038059\">unohtaen sosiaalisen ja ihmissuhteisiin liittyv\u00e4n kontekstin<\/a>. Vaihtoehtoisesti itsehoito voidaan n\u00e4hd\u00e4 <a href=\"https:\/\/pubmed.ncbi.nlm.nih.gov\/27272388\/\">elinik\u00e4isen\u00e4, joustavana prosessina<\/a>, joka muuttuu el\u00e4m\u00e4ntilanteiden ja oireiden mukaan. N\u00e4in ollen on ehdotettu <a href=\"https:\/\/www.tandfonline.com\/doi\/full\/10.1080\/09638288.2018.1473508\">siirtymist\u00e4 ohjailevista malleista l\u00e4hestymistapoihin<\/a>, jotka tukevat ihmisi\u00e4 kehitt\u00e4m\u00e4\u00e4n omia voimavarojaan. Meille itsehoito on <a href=\"https:\/\/www.tandfonline.com\/doi\/full\/10.1080\/09638288.2020.1764115\">matka kohti merkityksen ja tarkoituksen l\u00f6yt\u00e4mist\u00e4 el\u00e4m\u00e4ss\u00e4<\/a> \u2013 Se on jatkuva prosessi, jota ihmiset l\u00e4hestyv\u00e4t omasta n\u00e4k\u00f6kulmastaan, sovittaakseen sen omaan el\u00e4m\u00e4\u00e4ns\u00e4, tavoitteisiinsa ja tarpeisiinsa sek\u00e4 muutoksiin heid\u00e4n voinnissaan. Kyse on my\u00f6s ihmisest\u00e4, ei diagnoosista. T\u00e4m\u00e4n vuoksi suuri osa MyLifeToolista edellytt\u00e4\u00e4 k\u00e4ytt\u00e4ji\u00e4 pohtimaan, mitk\u00e4 itsehoitostrategiat toimivat heille ja mitk\u00e4 eiv\u00e4t.<\/p>\n<p><strong>MyLifeToolin rakenne<\/strong><\/p>\n<p>MyLifeTool koostuu viidest\u00e4 vihkosta, jotka sis\u00e4lt\u00e4v\u00e4t erilaisia positiivisen psykologian harjoituksia ja kannustavat ihmisi\u00e4 tutkimaan omia vahvuuksiaan. Tutkimukset ovat osoittaneet, ett\u00e4<a href=\"https:\/\/pubmed.ncbi.nlm.nih.gov\/29320877\/\"> tarkoituksellinen el\u00e4m\u00e4 on t\u00e4rke\u00e4\u00e4 pitk\u00e4aikaissairauksista k\u00e4rsiville ihmisille<\/a> ja <a href=\"https:\/\/www.researchgate.net\/publication\/23545616_Know_Thyself_and_Become_What_You_Are_A_Eudaimonic_Approach_to_Psychological_Well-Being\">liittyy henkil\u00f6kohtaiseen kasvuun sek\u00e4 parempiin terveysvaikutuksiin<\/a>.<\/p>\n<p><strong>Kirja 1: \u201dMin\u00e4 ja sairauteni\u201d<\/strong> keskittyy identiteettiin ja siihen, miten voit alkaa n\u00e4hd\u00e4 itsesi my\u00f6nteisemm\u00e4ss\u00e4 valossa. Kyse on itselle lempeydest\u00e4 ja siit\u00e4, ett\u00e4 ymm\u00e4rt\u00e4\u00e4, ettei sairaus m\u00e4\u00e4rit\u00e4 sinua. Vihkossa on harjoituksia, jotka kannustavat pohtimaan, kuka olet, mitk\u00e4 ovat arvosi ja mit\u00e4 odotat itselt\u00e4si.<\/p>\n<p><strong>Kirja 2: \u201dOman kehoni hyv\u00e4ksyminen\u201d<\/strong> k\u00e4sittelee suunnittelu- ja jaksotusstrategioita, joita usein n\u00e4kee itsehoito-ohjelmissa. Harjoitukset kannustavat kuuntelemaan omaa kehoa, tunnistamaan, milloin olet tehnyt liikaa, ja pohtimaan keinoja hallita energiatasoja.<\/p>\n<p><strong>Kirja 3: \u201dOtan ohjat k\u00e4siin\u201d<\/strong> liittyy omien vahvuuksien tunnistamiseen, resilienssin rakentamiseen ja hyvien p\u00e4ivien hy\u00f6dynt\u00e4miseen. Se kannustaa aktiivisempaan otteeseen sairauden hallinnassa oppimalla lis\u00e4\u00e4 omasta sairaudesta ja sen sovittamisesta omaan el\u00e4m\u00e4\u00e4n. Harjoituksiin kuuluu tavoitteiden asettaminen ja vahvuuksien tunnistaminen.<\/p>\n<p><strong>Kirja 4: \u201dYhteys muihin\u201d<\/strong> korostaa tuen saamisen merkityst\u00e4 sek\u00e4 tuen antamisen hy\u00f6tyj\u00e4, sill\u00e4 molemmat voivat lis\u00e4t\u00e4 el\u00e4m\u00e4n merkityksellisyytt\u00e4 ja tarkoitusta. Harjoitukset k\u00e4sittelev\u00e4t, miten ilmaista omia tarpeita muille, kuten perheelle ja yst\u00e4ville, mutta my\u00f6s l\u00e4\u00e4k\u00e4reille ja muille ammattilaisille.<\/p>\n<p><strong>Kirja 5: \u201dMik\u00e4 on minulle t\u00e4rke\u00e4\u00e4\u201d<\/strong> pohtii, mik\u00e4 tuo el\u00e4m\u00e4\u00e4n tarkoitusta ja miten l\u00f6yt\u00e4\u00e4 aikaa itselle. Ihmiset l\u00f6yt\u00e4v\u00e4t tarkoituksen monin eri tavoin: pysym\u00e4ll\u00e4 aktiivisina, omistamalla syyn nousta aamulla s\u00e4ngyst\u00e4, haastamalla itse\u00e4\u00e4n.<\/p>\n<p><strong>Reflektiivinen leikekirja<\/strong><\/p>\n<p>Reflektion tukemiseksi MyLifeTool sis\u00e4lt\u00e4\u00e4 leikekirjan \u2013 luovan tilan, joka voi auttaa ihmisi\u00e4 pohtimaan kokemuksiaan, tavoitteitaan ja saavutuksiaan. Leikekirja on avoin ja ohjaamaton, joten ihmiset voivat k\u00e4ytt\u00e4\u00e4 erilaisia <a href=\"https:\/\/www.tandfonline.com\/doi\/full\/10.1080\/14780887.2018.1456590\">luovia menetelmi\u00e4<\/a>, jotka sopivat heille, tai k\u00e4ytt\u00e4\u00e4 sit\u00e4 p\u00e4iv\u00e4kirjana. T\u00e4llaiset luovat l\u00e4hestymistavat voivat auttaa ihmisi\u00e4 tutkimaan kokemuksiaan yksityiskohtaisesti ja pohtimaan niiden merkityst\u00e4 aidommilla tavoilla.<\/p>\n<p>MyLifeToolia k\u00e4ytt\u00e4v\u00e4t Isossa-Britanniassa toimivat vapaaehtoisj\u00e4rjest\u00f6t ja mielenterveysalan ammattilaiset. Se on saatavilla ilmaiseksi <a href=\"http:\/\/www.mylifetool.co.uk\/\">verkossa<\/a> pitk\u00e4aikaissairauksista k\u00e4rsiville henkil\u00f6ille omaan k\u00e4ytt\u00f6\u00f6n tai ammattilaisille potilaiden\/asiakkaiden kanssa k\u00e4ytett\u00e4v\u00e4ksi.<\/p>\n<p><strong>MyLifeToolin arviointi<\/strong><\/p>\n<p><a href=\"https:\/\/research.tees.ac.uk\/ws\/portalfiles\/portal\/95368897\/Final_report_MyLifeTool_Regional_Evaluation.pdf\">Ihmiset, jotka k\u00e4yttiv\u00e4t MyLifeToolia 12 viikon ajan<\/a>, kokivat sen hy\u00f6dylliseksi itsehoidon tukemisessa, henkil\u00f6kohtaisessa kasvussa ja pitk\u00e4aikaissairauden hyv\u00e4ksymisess\u00e4. Hyvinvointimittaukset ennen ja j\u00e4lkeen ty\u00f6kalun k\u00e4yt\u00f6n osoittivat my\u00f6s parannuksia itsevarmuudessa, voimaantumisessa ja jaksotuksen hallinnassa.<\/p>\n<p><strong>K\u00e4yt\u00e4nn\u00f6n suositukset<\/strong><\/p>\n<p><strong>N\u00e4e koko ihminen, ei diagnoosia:<\/strong> Pitk\u00e4aikaissairaudet vaikuttavat kaikkiin el\u00e4m\u00e4n osa-alueisiin. Voimme tukea ihmisi\u00e4 pohtimaan, miten sairaus sopii heid\u00e4n el\u00e4m\u00e4\u00e4ns\u00e4, huomioiden mahdolliset muutokset sairaudessa, el\u00e4m\u00e4ntilanteessa, tarpeissa ja tulevaisuuden tavoitteissa.<\/p>\n<p><strong>Itsehoito on jatkuvaa<\/strong>: Ihminen ei voi oppia hallitsemaan sairauttaan osallistumalla lyhyeen kurssiin. Pitk\u00e4aikaissairaudet voivat kest\u00e4\u00e4 koko el\u00e4m\u00e4n, ja oireet sek\u00e4 vaikutukset vaihtelevat. Ihmisten kannustaminen pohtimaan itsehoitoaan voi auttaa heit\u00e4 sopeutumaan muutoksiin el\u00e4m\u00e4ss\u00e4 ja sairaudessa pitk\u00e4ll\u00e4 aikav\u00e4lill\u00e4.<\/p>\n<p><strong>Merkitys ja tarkoitus<\/strong>: Tue ihmisi\u00e4 pitk\u00e4aikaissairauksien kanssa pohtimaan ja tutkimaan, mik\u00e4 tuo heille merkityst\u00e4 ja tarkoitusta el\u00e4m\u00e4\u00e4n.<\/p>\n<p><strong>Keskity vahvuuksiin:<\/strong> MyLifeToolin k\u00e4ytt\u00e4j\u00e4t ovat arvostaneet sen tapaa keskitty\u00e4 siihen, mit\u00e4 ihmiset pitk\u00e4aikaissairauksien kanssa voivat tehd\u00e4, eik\u00e4 siihen, mit\u00e4 he eiv\u00e4t voi tehd\u00e4.<\/p>\n<p class=\"ui-chatitem\"><span lang=\"EN-GB\" style=\"font-size: 11.0pt; font-family: 'Arial',sans-serif;\">Suomennettu: [ Eeva Kettunen ]<\/span><\/p>\n","protected":false},"excerpt":{"rendered":"<p>By\u00a0Dr Stephanie K\u0131l\u0131n\u00e7, Teesside University, UK and Jo Cole, the Tees Valley, Durham and North Yorkshire Neurological Alliance, UK\u00a0 Long-term conditions are a major concern for global health care systems given their high prevalence and disease burden, including their significant [&hellip;]<\/p>\n","protected":false},"author":9,"featured_media":4309,"comment_status":"closed","ping_status":"open","sticky":false,"template":"","format":"standard","meta":{"_et_pb_use_builder":"off","_et_pb_old_content":"<strong>By\u00a0Dr Stephanie K\u0131l\u0131n\u00e7, Teesside University, UK and Jo Cole, the Tees Valley, Durham and North Yorkshire Neurological Alliance, UK\u00a0<\/strong>\n\n<span style=\"font-weight: 400;\">Long-term conditions are a major concern for global health care systems given their <\/span><a href=\"https:\/\/pubmed.ncbi.nlm.nih.gov\/39869379\/\"><span style=\"font-weight: 400;\">high prevalence<\/span><\/a><span style=\"font-weight: 400;\"> and <\/span><a href=\"https:\/\/www.thelancet.com\/journals\/lancet\/article\/PIIS0140-6736(20)30925-9\/fulltext\"><span style=\"font-weight: 400;\">disease burden, including their significant impact on disability-adjusted life years.<\/span><\/a><span style=\"font-weight: 400;\">\u00a0 They also have a significant <\/span><a href=\"https:\/\/pubmed.ncbi.nlm.nih.gov\/31531840\/\"><span style=\"font-weight: 400;\">negative impact on health-related quality of life<\/span><\/a><span style=\"font-weight: 400;\"> and are associated with <\/span><a href=\"https:\/\/www.cambridge.org\/core\/journals\/bjpsych-open\/article\/mental-health-outcomes-in-patients-with-a-longterm-condition-analysis-of-an-improving-access-to-psychological-therapies-service\/541E3611F5AC8EA4E19911C4FEC4B645\"><span style=\"font-weight: 400;\">higher rates of anxiety and depression<\/span><\/a><span style=\"font-weight: 400;\"> than the general population.<\/span>\n\n<a href=\"http:\/\/www.mylifetool.co.uk\"><span style=\"font-weight: 400;\">MyLifeTool<\/span><\/a><span style=\"font-weight: 400;\"> is a self-management tool for people living with any long-term condition (e.g. diabetes, multiple sclerosis, chronic pain, asthma, anxiety, neurodevelopmental conditions, Acquired Brain Injury, Fibromyalgia).\u00a0 It was developed in partnership with people with long-term conditions, members of <\/span><a href=\"http:\/\/www.neurokey.co.uk\"><span style=\"font-weight: 400;\">Neuro Key<\/span><\/a><span style=\"font-weight: 400;\"> and psychologists from Teesside University.\u00a0 It is underpinned by our <\/span><a href=\"https:\/\/www.tandfonline.com\/doi\/full\/10.1080\/09638288.2020.1764115\"><span style=\"font-weight: 400;\">self-management framework<\/span><\/a><span style=\"font-weight: 400;\"> which takes a person-centred, non-instructive perspective on self-management.\u00a0 People with long-term conditions were at the heart of the project, forging the decisions on what MyLifeTool would become and choosing the name.<\/span><!--more-->\n\n<b>Our approach to self-management<\/b>\n\n<span style=\"font-weight: 400;\">Self-management strategies for long-term conditions often <\/span><a href=\"https:\/\/onlinelibrary.wiley.com\/doi\/10.1111\/hex.12453\"><span style=\"font-weight: 400;\">focus on medical outcomes and management strategies<\/span><\/a><span style=\"font-weight: 400;\"> and are too concerned with behaviour change, <\/span><a href=\"https:\/\/journals.sagepub.com\/doi\/epub\/10.1177\/14407833211038059\"><span style=\"font-weight: 400;\">neglecting the social and relational context<\/span><\/a><span style=\"font-weight: 400;\">.\u00a0 Alternatively, self-management of long-term conditions can be viewed as a <\/span><a href=\"https:\/\/pubmed.ncbi.nlm.nih.gov\/27272388\/\"><span style=\"font-weight: 400;\">lifelong, fluid process<\/span><\/a><span style=\"font-weight: 400;\"> which can change depending on life circumstances and symptom fluctuation.\u00a0 As a result, there are proposals to <\/span><a href=\"https:\/\/www.tandfonline.com\/doi\/full\/10.1080\/09638288.2018.1473508\"><span style=\"font-weight: 400;\">move from instructional self-management approaches<\/span><\/a><span style=\"font-weight: 400;\"> to ones which support people to consider and develop their own self-management resources. With this in mind, we view self-management is a journey towards <\/span><a href=\"https:\/\/www.tandfonline.com\/doi\/full\/10.1080\/09638288.2020.1764115\"><span style=\"font-weight: 400;\">finding or maintaining meaning and purpose in life<\/span><\/a><span style=\"font-weight: 400;\">.\u00a0 It is an ongoing process that people approach from their own perspective, to fit with their life, aims and needs and changes in their condition.\u00a0 It is also about the person, not the diagnosis.\u00a0 For this reason, a large part of MyLifeTool requires users to reflect upon which self-management strategies do and do not work for them.<\/span>\n\n<b>How MyLifeTool is structured<\/b>\n\n<span style=\"font-weight: 400;\">MyLifeTool comprises five booklets which contain different positive psychology activities, encouraging people to explore their strengths.\u00a0 Research has found that <\/span><a href=\"https:\/\/pubmed.ncbi.nlm.nih.gov\/29320877\/\"><span style=\"font-weight: 400;\">living a purposeful life is important to people with long-term conditions<\/span><\/a><span style=\"font-weight: 400;\"> and is <\/span><a href=\"https:\/\/www.researchgate.net\/publication\/23545616_Know_Thyself_and_Become_What_You_Are_A_Eudaimonic_Approach_to_Psychological_Well-Being\"><span style=\"font-weight: 400;\">associated with personal growth and better health outcomes<\/span><\/a><span style=\"font-weight: 400;\">.\u00a0\u00a0\u00a0\u00a0\u00a0\u00a0<\/span>\n\n<b>Book 1: \u201cMe and my condition\u201d,<\/b><span style=\"font-weight: 400;\"> focuses on identity and starting to see yourself in a more positive light.\u00a0 It is about being kinder to yourself and recognising that you are not defined by your condition.\u00a0 The booklet contains activities to encourage people to think about who they are, their values and what they expect from themselves.<\/span>\n\n<b>Book 2<\/b><span style=\"font-weight: 400;\">:<\/span><b> \u201cEmbracing my body\u201d, <\/b><span style=\"font-weight: 400;\">explores planning and pacing strategies that you often see in self-management programmes.\u00a0 Activities encourage you to listen to your body, recognise when you have done too much and reflect upon ways to manage your energy levels.\u00a0<\/span>\n\n<b>Book 3: \u201cTaking charge\u201d,<\/b><span style=\"font-weight: 400;\"> is about recognising your strengths, building resilience and making the most of the good days. It encourages you to be more active in your condition management by learning more about your condition and how it fits within your life.\u00a0 Activities include goal setting and recognising strengths.<\/span>\n\n<b>Book 4: \u201cConnecting with others\u201d,<\/b><span style=\"font-weight: 400;\"> recognises the importance of receiving support, as well as the benefits of giving support to others, as both can enhance meaning and purpose in life.\u00a0 Activities explore how to communicate your needs to others, such as family and friends, but also medical practitioners and other professionals.<\/span>\n\n<b>Book 5<\/b><span style=\"font-weight: 400;\">: <\/span><b>\u201cWhat's important to me\u201d,<\/b><span style=\"font-weight: 400;\"> considers what gives you purpose in life and how you can find time for yourself.\u00a0 People find purpose in a variety of different ways: keeping busy; having a reason to get out of bed in the morning; challenging themselves.<\/span>\n\n<b>The Reflective Scrapbook<\/b>\n\n<span style=\"font-weight: 400;\">To support reflection, MyLifeTool contains a scrapbook; a creative space that can help people to think about their experiences, aims and achievements.\u00a0 T<\/span><span style=\"font-weight: 400;\">he scrapbook is open and non-directive, so people can use various creative activities techniques that suit them, or they can use the scrapbook as a diary if they prefer.\u00a0 <\/span><a href=\"https:\/\/www.tandfonline.com\/doi\/full\/10.1080\/14780887.2018.1456590\"><span style=\"font-weight: 400;\">Creative approaches<\/span><\/a><span style=\"font-weight: 400;\"> like this can enable people to explore their experiences in detail and reflect upon their meaning in more authentic ways.<\/span><span style=\"font-weight: 400;\">\u00a0<\/span>\n\n<span style=\"font-weight: 400;\">MyLifeTool is used by UK-based voluntary sector organisations and mental health practitioners. It <\/span><span style=\"font-weight: 400;\">is available for free <\/span><a href=\"http:\/\/www.mylifetool.co.uk\"><span style=\"font-weight: 400;\">online<\/span><\/a><span style=\"font-weight: 400;\"> for people with long-term conditions to use themselves or for practitioners to use with patients\/clients.<\/span>\n\n<b>Evaluation of MyLifeTool<\/b>\n\n<a href=\"https:\/\/research.tees.ac.uk\/ws\/portalfiles\/portal\/95368897\/Final_report_MyLifeTool_Regional_Evaluation.pdf\"><span style=\"font-weight: 400;\">People who used MyLifeTool for 12 weeks<\/span><\/a><span style=\"font-weight: 400;\"> found it beneficial in supporting their self-management, personal growth and enhancing their acceptance of living with a long-term condition.\u00a0 Wellbeing measures taken before and after using the tool also show improvements in self-efficacy, empowerment and pacing ability.<\/span>\n\n<b>Practical recommendations<\/b>\n\n<b>See the whole person, not the diagnosis<\/b><span style=\"font-weight: 400;\">: Long-term conditions affect all aspects of a person\u2019s life.\u00a0 We can support people to reflect on how their condition fits into their lives, taking into consideration potential changes in their condition, life circumstances, needs and aims for the future.<\/span>\n\n<b>Self-management is ongoing<\/b><span style=\"font-weight: 400;\">: A person cannot learn to self-manage their condition(s) by taking part in a short course.\u00a0 Long-term conditions are potentially life-long and symptoms and impact can fluctuate.\u00a0 Encouraging people to reflect on their self-management can support them to adapt to changes in their life circumstances and condition long term.<\/span>\n\n<b>Meaning and purpose<\/b><span style=\"font-weight: 400;\">: Support people with long-term conditions to reflect upon and explore what gives them meaning and purpose in life.<\/span>\n\n<b>Focus on strengths<\/b><span style=\"font-weight: 400;\">: People who have used MyLifeTool have valued the way it focuses on what people with long-term conditions can do, rather than what they can\u2019t do.<\/span>","_et_gb_content_width":"","_monsterinsights_skip_tracking":false,"_monsterinsights_sitenote_active":false,"_monsterinsights_sitenote_note":"","_monsterinsights_sitenote_category":0,"_uf_show_specific_survey":0,"_uf_disable_surveys":false,"footnotes":""},"categories":[13,24],"tags":[],"class_list":["post-4306","post","type-post","status-publish","format-standard","has-post-thumbnail","hentry","category-interventions","category-self-regulation"],"translation":{"provider":"WPGlobus","version":"3.0.2","language":"fi","enabled_languages":["en","id","my","bg","zh","hr","cz","da","de","es","fr","gr","he","it","ja","kr","lv","lt","hu","nl","no","pl","pt","ro","ru","sk","fi","sv","tr","uk"],"languages":{"en":{"title":true,"content":true,"excerpt":false},"id":{"title":true,"content":true,"excerpt":false},"my":{"title":true,"content":true,"excerpt":false},"bg":{"title":true,"content":true,"excerpt":false},"zh":{"title":true,"content":true,"excerpt":false},"hr":{"title":false,"content":false,"excerpt":false},"cz":{"title":true,"content":true,"excerpt":false},"da":{"title":false,"content":false,"excerpt":false},"de":{"title":true,"content":true,"excerpt":false},"es":{"title":false,"content":false,"excerpt":false},"fr":{"title":true,"content":true,"excerpt":false},"gr":{"title":false,"content":false,"excerpt":false},"he":{"title":true,"content":true,"excerpt":false},"it":{"title":true,"content":true,"excerpt":false},"ja":{"title":true,"content":true,"excerpt":false},"kr":{"title":false,"content":false,"excerpt":false},"lv":{"title":false,"content":false,"excerpt":false},"lt":{"title":false,"content":false,"excerpt":false},"hu":{"title":false,"content":false,"excerpt":false},"nl":{"title":true,"content":true,"excerpt":false},"no":{"title":false,"content":false,"excerpt":false},"pl":{"title":true,"content":true,"excerpt":false},"pt":{"title":true,"content":true,"excerpt":false},"ro":{"title":false,"content":false,"excerpt":false},"ru":{"title":true,"content":true,"excerpt":false},"sk":{"title":true,"content":true,"excerpt":false},"fi":{"title":true,"content":true,"excerpt":false},"sv":{"title":false,"content":false,"excerpt":false},"tr":{"title":false,"content":false,"excerpt":false},"uk":{"title":true,"content":true,"excerpt":false}}},"aioseo_notices":[],"_links":{"self":[{"href":"https:\/\/practicalhealthpsychology.com\/fi\/wp-json\/wp\/v2\/posts\/4306","targetHints":{"allow":["GET"]}}],"collection":[{"href":"https:\/\/practicalhealthpsychology.com\/fi\/wp-json\/wp\/v2\/posts"}],"about":[{"href":"https:\/\/practicalhealthpsychology.com\/fi\/wp-json\/wp\/v2\/types\/post"}],"author":[{"embeddable":true,"href":"https:\/\/practicalhealthpsychology.com\/fi\/wp-json\/wp\/v2\/users\/9"}],"replies":[{"embeddable":true,"href":"https:\/\/practicalhealthpsychology.com\/fi\/wp-json\/wp\/v2\/comments?post=4306"}],"version-history":[{"count":36,"href":"https:\/\/practicalhealthpsychology.com\/fi\/wp-json\/wp\/v2\/posts\/4306\/revisions"}],"predecessor-version":[{"id":4845,"href":"https:\/\/practicalhealthpsychology.com\/fi\/wp-json\/wp\/v2\/posts\/4306\/revisions\/4845"}],"wp:featuredmedia":[{"embeddable":true,"href":"https:\/\/practicalhealthpsychology.com\/fi\/wp-json\/wp\/v2\/media\/4309"}],"wp:attachment":[{"href":"https:\/\/practicalhealthpsychology.com\/fi\/wp-json\/wp\/v2\/media?parent=4306"}],"wp:term":[{"taxonomy":"category","embeddable":true,"href":"https:\/\/practicalhealthpsychology.com\/fi\/wp-json\/wp\/v2\/categories?post=4306"},{"taxonomy":"post_tag","embeddable":true,"href":"https:\/\/practicalhealthpsychology.com\/fi\/wp-json\/wp\/v2\/tags?post=4306"}],"curies":[{"name":"wp","href":"https:\/\/api.w.org\/{rel}","templated":true}]}}